{"id":27550,"date":"2026-04-28T13:41:56","date_gmt":"2026-04-28T11:41:56","guid":{"rendered":"https:\/\/detgroennemuseum.dk\/?p=27550"},"modified":"2026-04-28T13:41:56","modified_gmt":"2026-04-28T11:41:56","slug":"werden-sie-dem-grunen-museum-helfen","status":"publish","type":"post","link":"https:\/\/detgroennemuseum.dk\/de\/vil-du-hjaelpe-det-groenne-museum\/","title":{"rendered":"M\u00f6chten Sie das Green Museum unterst\u00fctzen?"},"content":{"rendered":"<h3>Vil du hj\u00e6lpe Det Gr\u00f8nne Museum?<\/h3>\n<div id=\"attachment_27551\" style=\"width: 610px\" class=\"wp-caption alignright\"><img decoding=\"async\" aria-describedby=\"caption-attachment-27551\" class=\"wp-image-27551 size-medium lazyload\" data-src=\"https:\/\/detgroennemuseum.dk\/wp-content\/smush-webp\/2026\/04\/Thea-Jul-Nielsen-staar-ved-sit-yndlingstrae-haengbirken-600x400.jpg.webp\" alt=\"Thea Jul Nielsen st\u00e5r ved sit yndlingstr\u00e6 h\u00e6ngebirken\" width=\"600\" height=\"400\" data-srcset=\"https:\/\/detgroennemuseum.dk\/wp-content\/smush-webp\/2026\/04\/Thea-Jul-Nielsen-staar-ved-sit-yndlingstrae-haengbirken-600x400.jpg.webp 600w, https:\/\/detgroennemuseum.dk\/wp-content\/smush-webp\/2026\/04\/Thea-Jul-Nielsen-staar-ved-sit-yndlingstrae-haengbirken-1024x683.jpg.webp 1024w, https:\/\/detgroennemuseum.dk\/wp-content\/smush-webp\/2026\/04\/Thea-Jul-Nielsen-staar-ved-sit-yndlingstrae-haengbirken-768x512.jpg.webp 768w, https:\/\/detgroennemuseum.dk\/wp-content\/smush-webp\/2026\/04\/Thea-Jul-Nielsen-staar-ved-sit-yndlingstrae-haengbirken-18x12.jpg.webp 18w, https:\/\/detgroennemuseum.dk\/wp-content\/smush-webp\/2026\/04\/Thea-Jul-Nielsen-staar-ved-sit-yndlingstrae-haengbirken-64x43.jpg.webp 64w, https:\/\/detgroennemuseum.dk\/wp-content\/smush-webp\/2026\/04\/Thea-Jul-Nielsen-staar-ved-sit-yndlingstrae-haengbirken.jpg.webp 1500w\" data-sizes=\"(max-width: 600px) 100vw, 600px\" src=\"data:image\/svg+xml;base64,PHN2ZyB3aWR0aD0iMSIgaGVpZ2h0PSIxIiB4bWxucz0iaHR0cDovL3d3dy53My5vcmcvMjAwMC9zdmciPjwvc3ZnPg==\" style=\"--smush-placeholder-width: 600px; --smush-placeholder-aspect-ratio: 600\/400;\" \/><p id=\"caption-attachment-27551\" class=\"wp-caption-text\">Thea Jul Nielsen st\u00e5r ved sit yndlingstr\u00e6 h\u00e6ngebirken<\/p><\/div>\n<p><strong>Har du \u00e9t tr\u00e6, der betyder noget s\u00e6rligt for dig? I forbindelse med udviklingen af et ny tema til udstillingen <em>STORT \u2013 Mennesket og Skoven<\/em> s\u00f8ger vi folk fra hele landet, med mod p\u00e5 at fort\u00e6lle om netop deres tr\u00e6.<\/strong><\/p>\n<p>Udstillingen <em>STORT \u2013 Mennesket og Skoven<\/em> er allerede en del af Det Gr\u00f8nne Museum, og nu udvikler vi den med et nyt tema. I den forbindelse leder vi efter historier om de tr\u00e6er der har en helt s\u00e6rlig betydning for den enkelte.<\/p>\n<p>Er der et bestemt tr\u00e6 du har et forhold til? Et der betyder noget for dig, et tilknyttet gode minder eller et du altid l\u00e6gger m\u00e6rke til?<\/p>\n<p>S\u00e5 har du mulighed for at f\u00e5 din historie med som en del af udstillingen.<\/p>\n<p><strong>Et tr\u00e6 med betydning<\/strong><\/p>\n<p>Et af elementerne i udviklingen af <em>STORT<\/em> s\u00e6tter fokus p\u00e5 menneskets forhold til naturen \u2013 her det forhold vi hver is\u00e6r kan have til et bestemt tr\u00e6. Hvordan et tr\u00e6 kan f\u00e5 en personlig betydning og blive en del af vores liv og erindringer.<\/p>\n<p>Din fort\u00e6lling er med til at give det perspektiv en stemme i udstillingen.<\/p>\n<p><strong>S\u00e5dan deltager du<\/strong><\/p>\n<p>Hvis du har lyst til at v\u00e6re med, aftaler vi et m\u00f8de ved dit tr\u00e6.<\/p>\n<ul>\n<li>Samtalen varer ca. 30 minutter<\/li>\n<li>Vi taler om tr\u00e6ets betydning for dig<\/li>\n<li>Samtalen bliver filmet og redigeret til en kort video<\/li>\n<li>Videoen bliver en del af udstillingen<\/li>\n<\/ul>\n<p>Skriv til os p\u00e5 <a href=\"mailto:info@dgmuseum.dk\">info@dgmuseum.dk<\/a> og fort\u00e6l kort om dit tr\u00e6 og dets placering.<\/p>\n<p><strong>En del af et st\u00f8rre tema<\/strong><\/p>\n<p>Egetr\u00e6er kan blive gamle, meget gamle \u2026 og store! Danmarks \u00e6ldste levende v\u00e6sen er Kongeegen, der st\u00e5r i J\u00e6gerspris Nordskov. Den er bed\u00f8mt til at v\u00e6re op imod 2.000 \u00e5r gammel og havde, da den var st\u00f8rst, en stamme med en omkreds p\u00e5 mere end 14 meter. Kongeegen er ikke alene. K\u00e6mpeege, monumentege, eller veteranege, som de ogs\u00e5 kaldes, st\u00e5r rundt omkring i det danske landskab og fort\u00e6ller b\u00e5de historie og historier. Men hvorfor er det netop disse egetr\u00e6er, som er blevet bevarede?\u00a0 Hvad er det, der g\u00f8r dem s\u00e5 specielle?<\/p>\n<p>\u201dNaar Natursandsen f\u00f8rst er ret vakt, da vil man [\u2026] nok lade den gamle \u00e6rv\u00e6rdige Eg blive staaende i Kornmarken eller Forstanl\u00e6get, om det end ikke betaler sig\u201d<\/p>\n<p><strong>\u00c5bner i efter\u00e5ret<\/strong><\/p>\n<p>Det nye tema i <em>STORT \u2013 Mennesket og Skoven<\/em> \u00e5bner i efter\u00e5ret. Som deltager f\u00e5r du n\u00e6rmere besked om \u00e5bningen omkring den 1. september.<\/p>\n","protected":false},"excerpt":{"rendered":"<p>M\u00f6chten Sie das Green Museum unterst\u00fctzen? Haben Sie einen Baum, der Ihnen besonders am Herzen liegt? Im Rahmen der Entwicklung eines neuen Themas f\u00fcr die Ausstellung BIG \u2013 Mensch und\u2026<\/p>","protected":false},"author":17,"featured_media":27551,"comment_status":"closed","ping_status":"closed","sticky":false,"template":"","format":"standard","meta":{"_price":"","_stock":"","_tribe_ticket_header":"","_tribe_default_ticket_provider":"","_tribe_ticket_capacity":"","_ticket_start_date":"","_ticket_end_date":"","_tribe_ticket_show_description":"","_tribe_ticket_show_not_going":false,"_tribe_ticket_use_global_stock":"","_tribe_ticket_global_stock_level":"","_global_stock_mode":"","_global_stock_cap":"","_tribe_rsvp_for_event":"","_tribe_ticket_going_count":"","_tribe_ticket_not_going_count":"","_tribe_tickets_list":"[]","_tribe_ticket_has_attendee_info_fields":false,"footnotes":""},"categories":[79],"tags":[],"class_list":["post-27550","post","type-post","status-publish","format-standard","has-post-thumbnail","hentry","category-nyheder","category-79","description-off"],"yoast_head":"<!-- This site is optimized with the Yoast SEO plugin v27.5 - https:\/\/yoast.com\/product\/yoast-seo-wordpress\/ -->\n<title>Vil du hj\u00e6lpe Det Gr\u00f8nne Museum? - Det Gr\u00f8nne Museum<\/title>\n<meta name=\"description\" content=\"I forbindelse med udviklingen af STORT \u2013 Mennesket og Skoven s\u00f8ger vi folk fra hele landet, med mod p\u00e5 at fort\u00e6lle om netop deres tr\u00e6.\" \/>\n<meta name=\"robots\" content=\"index, follow, max-snippet:-1, max-image-preview:large, max-video-preview:-1\" \/>\n<link rel=\"canonical\" href=\"https:\/\/detgroennemuseum.dk\/de\/werden-sie-dem-grunen-museum-helfen\/\" \/>\n<meta property=\"og:locale\" content=\"de_DE\" \/>\n<meta property=\"og:type\" content=\"article\" \/>\n<meta property=\"og:title\" content=\"Vil du hj\u00e6lpe Det Gr\u00f8nne Museum? - Det Gr\u00f8nne Museum\" \/>\n<meta property=\"og:description\" content=\"I forbindelse med udviklingen af STORT \u2013 Mennesket og Skoven s\u00f8ger vi folk fra hele landet, med mod p\u00e5 at fort\u00e6lle om netop deres tr\u00e6.\" \/>\n<meta property=\"og:url\" content=\"https:\/\/detgroennemuseum.dk\/de\/werden-sie-dem-grunen-museum-helfen\/\" \/>\n<meta property=\"og:site_name\" content=\"Det Gr\u00f8nne Museum\" \/>\n<meta property=\"article:published_time\" content=\"2026-04-28T11:41:56+00:00\" \/>\n<meta property=\"og:image\" content=\"https:\/\/detgroennemuseum.dk\/wp-content\/uploads\/2026\/04\/Thea-Jul-Nielsen-staar-ved-sit-yndlingstrae-haengbirken.jpg\" \/>\n\t<meta property=\"og:image:width\" content=\"1500\" \/>\n\t<meta property=\"og:image:height\" content=\"1000\" \/>\n\t<meta property=\"og:image:type\" content=\"image\/jpeg\" \/>\n<meta name=\"author\" content=\"Rune Kronenberg\" \/>\n<meta name=\"twitter:card\" content=\"summary_large_image\" \/>\n<meta name=\"twitter:label1\" content=\"Verfasst von\" \/>\n\t<meta name=\"twitter:data1\" content=\"Rune Kronenberg\" \/>\n\t<meta name=\"twitter:label2\" content=\"Gesch\u00e4tzte Lesezeit\" \/>\n\t<meta name=\"twitter:data2\" content=\"3\u00a0Minuten\" \/>\n<script type=\"application\/ld+json\" class=\"yoast-schema-graph\">{\"@context\":\"https:\\\/\\\/schema.org\",\"@graph\":[{\"@type\":\"Article\",\"@id\":\"https:\\\/\\\/detgroennemuseum.dk\\\/vil-du-hjaelpe-det-groenne-museum\\\/#article\",\"isPartOf\":{\"@id\":\"https:\\\/\\\/detgroennemuseum.dk\\\/vil-du-hjaelpe-det-groenne-museum\\\/\"},\"author\":{\"name\":\"Rune Kronenberg\",\"@id\":\"https:\\\/\\\/detgroennemuseum.dk\\\/#\\\/schema\\\/person\\\/fff4ba61783c9bb44ccae8b534de0a2d\"},\"headline\":\"Vil du hj\u00e6lpe Det Gr\u00f8nne Museum?\",\"datePublished\":\"2026-04-28T11:41:56+00:00\",\"mainEntityOfPage\":{\"@id\":\"https:\\\/\\\/detgroennemuseum.dk\\\/vil-du-hjaelpe-det-groenne-museum\\\/\"},\"wordCount\":458,\"image\":{\"@id\":\"https:\\\/\\\/detgroennemuseum.dk\\\/vil-du-hjaelpe-det-groenne-museum\\\/#primaryimage\"},\"thumbnailUrl\":\"https:\\\/\\\/detgroennemuseum.dk\\\/wp-content\\\/uploads\\\/2026\\\/04\\\/Thea-Jul-Nielsen-staar-ved-sit-yndlingstrae-haengbirken.jpg\",\"articleSection\":[\"Nyheder\"],\"inLanguage\":\"de\"},{\"@type\":\"WebPage\",\"@id\":\"https:\\\/\\\/detgroennemuseum.dk\\\/vil-du-hjaelpe-det-groenne-museum\\\/\",\"url\":\"https:\\\/\\\/detgroennemuseum.dk\\\/vil-du-hjaelpe-det-groenne-museum\\\/\",\"name\":\"Vil du hj\u00e6lpe Det Gr\u00f8nne Museum? - Det Gr\u00f8nne Museum\",\"isPartOf\":{\"@id\":\"https:\\\/\\\/detgroennemuseum.dk\\\/#website\"},\"primaryImageOfPage\":{\"@id\":\"https:\\\/\\\/detgroennemuseum.dk\\\/vil-du-hjaelpe-det-groenne-museum\\\/#primaryimage\"},\"image\":{\"@id\":\"https:\\\/\\\/detgroennemuseum.dk\\\/vil-du-hjaelpe-det-groenne-museum\\\/#primaryimage\"},\"thumbnailUrl\":\"https:\\\/\\\/detgroennemuseum.dk\\\/wp-content\\\/uploads\\\/2026\\\/04\\\/Thea-Jul-Nielsen-staar-ved-sit-yndlingstrae-haengbirken.jpg\",\"datePublished\":\"2026-04-28T11:41:56+00:00\",\"author\":{\"@id\":\"https:\\\/\\\/detgroennemuseum.dk\\\/#\\\/schema\\\/person\\\/fff4ba61783c9bb44ccae8b534de0a2d\"},\"description\":\"I forbindelse med udviklingen af STORT \u2013 Mennesket og Skoven s\u00f8ger vi folk fra hele landet, med mod p\u00e5 at fort\u00e6lle om netop deres tr\u00e6.\",\"breadcrumb\":{\"@id\":\"https:\\\/\\\/detgroennemuseum.dk\\\/vil-du-hjaelpe-det-groenne-museum\\\/#breadcrumb\"},\"inLanguage\":\"de\",\"potentialAction\":[{\"@type\":\"ReadAction\",\"target\":[\"https:\\\/\\\/detgroennemuseum.dk\\\/vil-du-hjaelpe-det-groenne-museum\\\/\"]}]},{\"@type\":\"ImageObject\",\"inLanguage\":\"de\",\"@id\":\"https:\\\/\\\/detgroennemuseum.dk\\\/vil-du-hjaelpe-det-groenne-museum\\\/#primaryimage\",\"url\":\"https:\\\/\\\/detgroennemuseum.dk\\\/wp-content\\\/uploads\\\/2026\\\/04\\\/Thea-Jul-Nielsen-staar-ved-sit-yndlingstrae-haengbirken.jpg\",\"contentUrl\":\"https:\\\/\\\/detgroennemuseum.dk\\\/wp-content\\\/uploads\\\/2026\\\/04\\\/Thea-Jul-Nielsen-staar-ved-sit-yndlingstrae-haengbirken.jpg\",\"width\":1500,\"height\":1000,\"caption\":\"Thea Jul Nielsen st\u00e5r ved sit yndlingstr\u00e6 h\u00e6ngbirken\"},{\"@type\":\"BreadcrumbList\",\"@id\":\"https:\\\/\\\/detgroennemuseum.dk\\\/vil-du-hjaelpe-det-groenne-museum\\\/#breadcrumb\",\"itemListElement\":[{\"@type\":\"ListItem\",\"position\":1,\"name\":\"Hjem\",\"item\":\"https:\\\/\\\/detgroennemuseum.dk\\\/\"},{\"@type\":\"ListItem\",\"position\":2,\"name\":\"Vil du hj\u00e6lpe Det Gr\u00f8nne Museum?\"}]},{\"@type\":\"WebSite\",\"@id\":\"https:\\\/\\\/detgroennemuseum.dk\\\/#website\",\"url\":\"https:\\\/\\\/detgroennemuseum.dk\\\/\",\"name\":\"Det Gr\u00f8nne Museum\",\"description\":\"Danmarks nationale museum for jagten, skoven, landbruget og maden\",\"potentialAction\":[{\"@type\":\"SearchAction\",\"target\":{\"@type\":\"EntryPoint\",\"urlTemplate\":\"https:\\\/\\\/detgroennemuseum.dk\\\/?s={search_term_string}\"},\"query-input\":{\"@type\":\"PropertyValueSpecification\",\"valueRequired\":true,\"valueName\":\"search_term_string\"}}],\"inLanguage\":\"de\"},{\"@type\":\"Person\",\"@id\":\"https:\\\/\\\/detgroennemuseum.dk\\\/#\\\/schema\\\/person\\\/fff4ba61783c9bb44ccae8b534de0a2d\",\"name\":\"Rune Kronenberg\",\"image\":{\"@type\":\"ImageObject\",\"inLanguage\":\"de\",\"@id\":\"https:\\\/\\\/secure.gravatar.com\\\/avatar\\\/fee8df02bc21ecc8997e9ac283a53033596837ccefb618e4bccb67783c50de46?s=96&d=mm&r=g\",\"url\":\"https:\\\/\\\/secure.gravatar.com\\\/avatar\\\/fee8df02bc21ecc8997e9ac283a53033596837ccefb618e4bccb67783c50de46?s=96&d=mm&r=g\",\"contentUrl\":\"https:\\\/\\\/secure.gravatar.com\\\/avatar\\\/fee8df02bc21ecc8997e9ac283a53033596837ccefb618e4bccb67783c50de46?s=96&d=mm&r=g\",\"caption\":\"Rune Kronenberg\"}}]}<\/script>\n<!-- \/ Yoast SEO plugin. -->","yoast_head_json":{"title":"M\u00f6chten Sie das Green Museum unterst\u00fctzen? \u2013 Das Green Museum","description":"Im Zusammenhang mit der Entwicklung von STORT \u2013 Mensch und Wald suchen wir Menschen aus dem ganzen Land, die den Mut haben, \u00fcber ihren ganz besonderen Baum zu sprechen.","robots":{"index":"index","follow":"follow","max-snippet":"max-snippet:-1","max-image-preview":"max-image-preview:large","max-video-preview":"max-video-preview:-1"},"canonical":"https:\/\/detgroennemuseum.dk\/de\/werden-sie-dem-grunen-museum-helfen\/","og_locale":"de_DE","og_type":"article","og_title":"Vil du hj\u00e6lpe Det Gr\u00f8nne Museum? - Det Gr\u00f8nne Museum","og_description":"I forbindelse med udviklingen af STORT \u2013 Mennesket og Skoven s\u00f8ger vi folk fra hele landet, med mod p\u00e5 at fort\u00e6lle om netop deres tr\u00e6.","og_url":"https:\/\/detgroennemuseum.dk\/de\/werden-sie-dem-grunen-museum-helfen\/","og_site_name":"Det Gr\u00f8nne Museum","article_published_time":"2026-04-28T11:41:56+00:00","og_image":[{"width":1500,"height":1000,"url":"https:\/\/detgroennemuseum.dk\/wp-content\/uploads\/2026\/04\/Thea-Jul-Nielsen-staar-ved-sit-yndlingstrae-haengbirken.jpg","type":"image\/jpeg"}],"author":"Rune Kronenberg","twitter_card":"summary_large_image","twitter_misc":{"Verfasst von":"Rune Kronenberg","Gesch\u00e4tzte Lesezeit":"3\u00a0Minuten"},"schema":{"@context":"https:\/\/schema.org","@graph":[{"@type":"Article","@id":"https:\/\/detgroennemuseum.dk\/vil-du-hjaelpe-det-groenne-museum\/#article","isPartOf":{"@id":"https:\/\/detgroennemuseum.dk\/vil-du-hjaelpe-det-groenne-museum\/"},"author":{"name":"Rune Kronenberg","@id":"https:\/\/detgroennemuseum.dk\/#\/schema\/person\/fff4ba61783c9bb44ccae8b534de0a2d"},"headline":"Vil du hj\u00e6lpe Det Gr\u00f8nne Museum?","datePublished":"2026-04-28T11:41:56+00:00","mainEntityOfPage":{"@id":"https:\/\/detgroennemuseum.dk\/vil-du-hjaelpe-det-groenne-museum\/"},"wordCount":458,"image":{"@id":"https:\/\/detgroennemuseum.dk\/vil-du-hjaelpe-det-groenne-museum\/#primaryimage"},"thumbnailUrl":"https:\/\/detgroennemuseum.dk\/wp-content\/uploads\/2026\/04\/Thea-Jul-Nielsen-staar-ved-sit-yndlingstrae-haengbirken.jpg","articleSection":["Nyheder"],"inLanguage":"de"},{"@type":"WebPage","@id":"https:\/\/detgroennemuseum.dk\/vil-du-hjaelpe-det-groenne-museum\/","url":"https:\/\/detgroennemuseum.dk\/vil-du-hjaelpe-det-groenne-museum\/","name":"M\u00f6chten Sie das Green Museum unterst\u00fctzen? \u2013 Das Green Museum","isPartOf":{"@id":"https:\/\/detgroennemuseum.dk\/#website"},"primaryImageOfPage":{"@id":"https:\/\/detgroennemuseum.dk\/vil-du-hjaelpe-det-groenne-museum\/#primaryimage"},"image":{"@id":"https:\/\/detgroennemuseum.dk\/vil-du-hjaelpe-det-groenne-museum\/#primaryimage"},"thumbnailUrl":"https:\/\/detgroennemuseum.dk\/wp-content\/uploads\/2026\/04\/Thea-Jul-Nielsen-staar-ved-sit-yndlingstrae-haengbirken.jpg","datePublished":"2026-04-28T11:41:56+00:00","author":{"@id":"https:\/\/detgroennemuseum.dk\/#\/schema\/person\/fff4ba61783c9bb44ccae8b534de0a2d"},"description":"Im Zusammenhang mit der Entwicklung von STORT \u2013 Mensch und Wald suchen wir Menschen aus dem ganzen Land, die den Mut haben, \u00fcber ihren ganz besonderen Baum zu sprechen.","breadcrumb":{"@id":"https:\/\/detgroennemuseum.dk\/vil-du-hjaelpe-det-groenne-museum\/#breadcrumb"},"inLanguage":"de","potentialAction":[{"@type":"ReadAction","target":["https:\/\/detgroennemuseum.dk\/vil-du-hjaelpe-det-groenne-museum\/"]}]},{"@type":"ImageObject","inLanguage":"de","@id":"https:\/\/detgroennemuseum.dk\/vil-du-hjaelpe-det-groenne-museum\/#primaryimage","url":"https:\/\/detgroennemuseum.dk\/wp-content\/uploads\/2026\/04\/Thea-Jul-Nielsen-staar-ved-sit-yndlingstrae-haengbirken.jpg","contentUrl":"https:\/\/detgroennemuseum.dk\/wp-content\/uploads\/2026\/04\/Thea-Jul-Nielsen-staar-ved-sit-yndlingstrae-haengbirken.jpg","width":1500,"height":1000,"caption":"Thea Jul Nielsen st\u00e5r ved sit yndlingstr\u00e6 h\u00e6ngbirken"},{"@type":"BreadcrumbList","@id":"https:\/\/detgroennemuseum.dk\/vil-du-hjaelpe-det-groenne-museum\/#breadcrumb","itemListElement":[{"@type":"ListItem","position":1,"name":"Hjem","item":"https:\/\/detgroennemuseum.dk\/"},{"@type":"ListItem","position":2,"name":"Vil du hj\u00e6lpe Det Gr\u00f8nne Museum?"}]},{"@type":"WebSite","@id":"https:\/\/detgroennemuseum.dk\/#website","url":"https:\/\/detgroennemuseum.dk\/","name":"Das Gr\u00fcne Museum","description":"D\u00e4nisches Nationalmuseum f\u00fcr Jagd, Forstwirtschaft, Landwirtschaft und Ern\u00e4hrung","potentialAction":[{"@type":"SearchAction","target":{"@type":"EntryPoint","urlTemplate":"https:\/\/detgroennemuseum.dk\/?s={search_term_string}"},"query-input":{"@type":"PropertyValueSpecification","valueRequired":true,"valueName":"search_term_string"}}],"inLanguage":"de"},{"@type":"Person","@id":"https:\/\/detgroennemuseum.dk\/#\/schema\/person\/fff4ba61783c9bb44ccae8b534de0a2d","name":"Rune Kronenberg","image":{"@type":"ImageObject","inLanguage":"de","@id":"https:\/\/secure.gravatar.com\/avatar\/fee8df02bc21ecc8997e9ac283a53033596837ccefb618e4bccb67783c50de46?s=96&d=mm&r=g","url":"https:\/\/secure.gravatar.com\/avatar\/fee8df02bc21ecc8997e9ac283a53033596837ccefb618e4bccb67783c50de46?s=96&d=mm&r=g","contentUrl":"https:\/\/secure.gravatar.com\/avatar\/fee8df02bc21ecc8997e9ac283a53033596837ccefb618e4bccb67783c50de46?s=96&d=mm&r=g","caption":"Rune Kronenberg"}}]}},"_links":{"self":[{"href":"https:\/\/detgroennemuseum.dk\/de\/wp-json\/wp\/v2\/posts\/27550","targetHints":{"allow":["GET"]}}],"collection":[{"href":"https:\/\/detgroennemuseum.dk\/de\/wp-json\/wp\/v2\/posts"}],"about":[{"href":"https:\/\/detgroennemuseum.dk\/de\/wp-json\/wp\/v2\/types\/post"}],"author":[{"embeddable":true,"href":"https:\/\/detgroennemuseum.dk\/de\/wp-json\/wp\/v2\/users\/17"}],"replies":[{"embeddable":true,"href":"https:\/\/detgroennemuseum.dk\/de\/wp-json\/wp\/v2\/comments?post=27550"}],"version-history":[{"count":2,"href":"https:\/\/detgroennemuseum.dk\/de\/wp-json\/wp\/v2\/posts\/27550\/revisions"}],"predecessor-version":[{"id":27553,"href":"https:\/\/detgroennemuseum.dk\/de\/wp-json\/wp\/v2\/posts\/27550\/revisions\/27553"}],"wp:featuredmedia":[{"embeddable":true,"href":"https:\/\/detgroennemuseum.dk\/de\/wp-json\/wp\/v2\/media\/27551"}],"wp:attachment":[{"href":"https:\/\/detgroennemuseum.dk\/de\/wp-json\/wp\/v2\/media?parent=27550"}],"wp:term":[{"taxonomy":"category","embeddable":true,"href":"https:\/\/detgroennemuseum.dk\/de\/wp-json\/wp\/v2\/categories?post=27550"},{"taxonomy":"post_tag","embeddable":true,"href":"https:\/\/detgroennemuseum.dk\/de\/wp-json\/wp\/v2\/tags?post=27550"}],"curies":[{"name":"wp","href":"https:\/\/api.w.org\/{rel}","templated":true}]}}